{"id":71,"date":"2017-02-22T17:20:20","date_gmt":"2017-02-22T14:20:20","guid":{"rendered":"http:\/\/irmakyachting.com\/blog\/?p=71"},"modified":"2019-01-05T07:40:10","modified_gmt":"2019-01-05T04:40:10","slug":"gocek-koylarinda-surpriz-ve-guzel-bir-cozum","status":"publish","type":"post","link":"\/blog\/gocek-koylarinda-surpriz-ve-guzel-bir-cozum\/","title":{"rendered":"G\u00f6cek Koylar\u0131\u2019nda s\u00fcrpriz ve g\u00fczel bir \u00e7\u00f6z\u00fcm!"},"content":{"rendered":"<p><a href=\"\/blog\/wp-content\/uploads\/2017\/02\/B_yacht-turkey-V_150.jpg\"><i><b>Yaz\u0131: Ali Boratav<\/b><\/i><img loading=\"lazy\" decoding=\"async\" class=\"alignleft wp-image-72 size-medium\" src=\"\/blog\/wp-content\/uploads\/2017\/02\/B_yacht-turkey-V_150-205x300.jpg\" width=\"205\" height=\"300\" srcset=\"\/blog\/wp-content\/uploads\/2017\/02\/B_yacht-turkey-V_150-205x300.jpg 205w, \/blog\/wp-content\/uploads\/2017\/02\/B_yacht-turkey-V_150-768x1126.jpg 768w, \/blog\/wp-content\/uploads\/2017\/02\/B_yacht-turkey-V_150-699x1024.jpg 699w, \/blog\/wp-content\/uploads\/2017\/02\/B_yacht-turkey-V_150.jpg 2000w\" sizes=\"(max-width: 205px) 100vw, 205px\" \/><\/a><\/p>\n<p>&#8230;Ve nihayet!.. G\u00f6cek Yat Mola Noktalar\u0131 i\u00e7in m\u00fcjdeli haber geldi.<\/p>\n<p>G\u00f6b\u00fcn, K\u00fc\u00e7\u00fck Sarsala, Bedri Rahmi (Ta\u015fyaka) ve Manast\u0131r (Akb\u00fck) Koylar\u0131\u2019n\u0131 yakla\u015f\u0131k 30 y\u0131ldan bu yana i\u015fletmekte olan Y\u00f6r\u00fck Aileleri bir araya gelerek bir kooperatif kurdu. SS Kapukarg\u0131nKalk\u0131nma Kooperatifi, a\u011fa\u00e7land\u0131rma ve bak\u0131m sorumlulu\u011funu da \u00fcstlenerek bu 4 koyu,5 y\u0131ll\u0131\u011f\u0131na kiralad\u0131. Kira s\u00f6zle\u015fmesi Ekim\u2019in ilk g\u00fcnlerinde imzaland\u0131.<\/p>\n<p>Hat\u0131rlanaca\u011f\u0131 gibi ge\u00e7en y\u0131l Orman Bakanl\u0131\u011f\u0131\u2019n\u0131n d\u00fczenledi\u011fi ihalelerde bu koylar\u0131n y\u0131ll\u0131k kira bedelleri 1.900.000 TL.gibi astronomik seviyelere kadar ula\u015fm\u0131\u015f anncak B\u00f6lge \u0130dare Mahkemesi ihaleleri iptal etmi\u015fti. Sonraki aylarda koylar\u0131n i\u015fletmecileri Mu\u011fla milletvekillerinin (Nihat \u00d6zt\u00fcrk ve Hasan \u00d6zyer) yard\u0131mlar\u0131yla Ankara\u2019da ilgili bakanl\u0131klardaki yetkililere detayl\u0131 bilgiler sundu. Kamu y\u00f6netimine, 29 y\u0131ll\u0131\u011f\u0131na kiralanacak bu koylar\u0131n yat mola noktas\u0131 olarak i\u015fletilmesi halinde b\u00f6yle bir kazan\u00e7 elde etme kapasitesi bulunmad\u0131\u011f\u0131 t\u00fcm \u015feffafl\u0131\u011f\u0131 ile aktar\u0131ld\u0131.\u00a0<!--more--><\/p>\n<p>Hepzbirlikte \u00fczerinde uzla\u015f\u0131lan \u00e7\u00f6z\u00fcm, bu koylar\u0131 y\u0131llard\u0131r i\u015fleten ve \u00e7evre bak\u0131m\u0131n\u0131 yapan ailelerin bir kooperatif kurmalar\u0131, yat mola noktas\u0131 bulunan koylar\u0131n tasarrufunun da Orman Bakanl\u0131\u011f\u0131\u2019ndan Valilik\u2019e aktar\u0131lmas\u0131 oldu. Mu\u011fla Valili\u011fi koylar\u0131n tasarrufunu Mu\u011fla\u2019ya Hizmet Vakf\u0131 \u0130ktisadi \u0130\u015fletmesi\u2019ne devretti.Kapukarg\u0131nl\u0131 aileler, G\u00f6b\u00fcn yat mola noktas\u0131n\u0131n yasal i\u015fletmecisi \u0130lyas \u00d6nder\u2019in ba\u015fkanl\u0131\u011f\u0131nda 27 \u00fcyeli bir kooperatif kurdu. \u0130kinci ba\u015fkan da Bedri Rahmi\u2019deki yeni kurulan tesisin (Zeytin Restaurant) ortaklar\u0131ndan Kapukarg\u0131n K\u00f6y\u00fc Muhtar\u0131 Sedat Orhan se\u00e7ildi.<\/p>\n<p>Vak\u0131f ile Kapukarg\u0131n Kooperatifi pazarl\u0131k masas\u0131na oturdu ve 1998\u2019deki s\u00f6zle\u015fme esas al\u0131narak yeni bir kira kontrat\u0131 imzaland\u0131. Koylar\u0131n i\u015fletmecileri 2015\u2019te d\u00fczenlenen ihale \u00f6ncesinde \u00f6dedikleri kiran\u0131n 4 kat\u0131 bir kira bedeli art\u0131\u015f\u0131n\u0131 kabullendi. S\u00f6zle\u015fmeye, eskiyen sosyal tesislerin (mutfak-\u00e7ardak-tuvaletler), r\u0131ht\u0131m ve iskelelerin mevcut uzunluklar\u0131 art\u0131r\u0131lmayacak \u015fekilde yenilenmesi ko\u015fullar\u0131 eklendi.<\/p>\n<p>5 y\u0131ll\u0131k kira kontrat\u0131n\u0131n bitiminde s\u00f6zle\u015fme ayn\u0131 ko\u015fullarla yenilenecek.<\/p>\n<p>Politikac\u0131lar, yerel y\u00f6netimler, denizsever kamuoyu \u00f6nderleri, \u00e7evreciler, akademisyenler, amat\u00f6r denizciler bug\u00fcnk\u00fc mutlu sona ula\u015f\u0131lmas\u0131 i\u00e7in bu ailelere \u00f6nemli bir destek sa\u011flad\u0131.<\/p>\n<p>\u015eimdi SS Kapukarg\u0131n Kalk\u0131nma Kooperatifi\u2019ne, deniz ve denizci dostu \u00fcyelerine, ailelerine de b\u00fcy\u00fck bir sorumluluk d\u00fc\u015f\u00fcyor&#8230;<\/p>\n<p>Deniz ve \u00e7evre temizli\u011fine her zamanki gibi \u00f6zen g\u00f6stermek, orman\u0131 korumak, geli\u015ftirmek, k\u0131sacas\u0131 G\u00f6cek koylar\u0131n\u0131 ya\u015fatmak&#8230;<\/p>\n<p>Artan kira bedellerine kar\u015f\u0131n fiyat\/kalite dengesini g\u00f6zetmek, hizmet kalitesini y\u00fckselterek yat turizminin, amat\u00f6r denizcili\u011fin geli\u015fimine katk\u0131da bulunmaya devam etmek&#8230;<\/p>\n<p>G\u00f6cek\u2019te uzun bir s\u00fcre hep birlikteyiz\u2026<\/p>\n<p>&nbsp;<\/p>\n","protected":false},"excerpt":{"rendered":"<p>Yaz\u0131: Ali Boratav &#8230;Ve nihayet!.. G\u00f6cek Yat Mola Noktalar\u0131 i\u00e7in m\u00fcjdeli haber geldi. G\u00f6b\u00fcn, K\u00fc\u00e7\u00fck Sarsala, Bedri Rahmi (Ta\u015fyaka) ve Manast\u0131r (Akb\u00fck) Koylar\u0131\u2019n\u0131 yakla\u015f\u0131k 30 y\u0131ldan bu yana i\u015fletmekte olan Y\u00f6r\u00fck Aileleri bir araya gelerek bir kooperatif kurdu. SS Kapukarg\u0131nKalk\u0131nma Kooperatifi, a\u011fa\u00e7land\u0131rma ve bak\u0131m sorumlulu\u011funu da \u00fcstlenerek bu 4 koyu,5 y\u0131ll\u0131\u011f\u0131na kiralad\u0131. Kira s\u00f6zle\u015fmesi Ekim\u2019in &hellip; <a href=\"\/blog\/gocek-koylarinda-surpriz-ve-guzel-bir-cozum\/\" class=\"more-link\">Continue reading <span class=\"screen-reader-text\">G\u00f6cek Koylar\u0131\u2019nda s\u00fcrpriz ve g\u00fczel bir \u00e7\u00f6z\u00fcm!<\/span><\/a><\/p>\n","protected":false},"author":1,"featured_media":0,"comment_status":"closed","ping_status":"open","sticky":false,"template":"","format":"standard","meta":{"footnotes":""},"categories":[25],"tags":[6,5,7],"class_list":["post-71","post","type-post","status-publish","format-standard","hentry","category-tr","tag-doga","tag-gocek","tag-yelken"],"_links":{"self":[{"href":"\/blog\/wp-json\/wp\/v2\/posts\/71"}],"collection":[{"href":"\/blog\/wp-json\/wp\/v2\/posts"}],"about":[{"href":"\/blog\/wp-json\/wp\/v2\/types\/post"}],"author":[{"embeddable":true,"href":"\/blog\/wp-json\/wp\/v2\/users\/1"}],"replies":[{"embeddable":true,"href":"\/blog\/wp-json\/wp\/v2\/comments?post=71"}],"version-history":[{"count":5,"href":"\/blog\/wp-json\/wp\/v2\/posts\/71\/revisions"}],"predecessor-version":[{"id":174,"href":"\/blog\/wp-json\/wp\/v2\/posts\/71\/revisions\/174"}],"wp:attachment":[{"href":"\/blog\/wp-json\/wp\/v2\/media?parent=71"}],"wp:term":[{"taxonomy":"category","embeddable":true,"href":"\/blog\/wp-json\/wp\/v2\/categories?post=71"},{"taxonomy":"post_tag","embeddable":true,"href":"\/blog\/wp-json\/wp\/v2\/tags?post=71"}],"curies":[{"name":"wp","href":"https:\/\/api.w.org\/{rel}","templated":true}]}}